{"id":465,"date":"2012-12-18T21:58:48","date_gmt":"2012-12-18T21:58:48","guid":{"rendered":"http:\/\/www.casamarziano.com.ar\/inicio\/?p=465"},"modified":"2015-11-04T18:36:23","modified_gmt":"2015-11-04T18:36:23","slug":"camilla-electrica-articulada-asiento-drenaje-palanca-trendelemburg-3","status":"publish","type":"post","link":"https:\/\/www.casamarziano.com.ar\/inicio\/camilla-electrica-articulada-asiento-drenaje-palanca-trendelemburg-3\/","title":{"rendered":"Camilla El\u00e9ctrica articulada asiento drenaje (palanca Trendelemburg) tapizado modelo master"},"content":{"rendered":"<ul>\n<li>Tama\u00f1o 0,64&#215;1,90 m.<\/li>\n<li>Tapa acolchada 10 cm.<\/li>\n<li>Orificio facial con tapa acolchada.<\/li>\n<li>Asiento drenaje (palanca Trendelemburg).<\/li>\n<li>Respaldo m\u00f3vil desde horizontal a 90\u00ba.<\/li>\n<li>Tapizada en cuerina pl\u00e1stica de primera calidad Modelo Master.<\/li>\n<li>Funda cristal transparente para protecci\u00f3n de la cuerina pl\u00e1stica.<\/li>\n<\/ul>\n","protected":false},"excerpt":{"rendered":"<p>Tama\u00f1o 0,64&#215;1,90 m. Tapa acolchada 10 cm. Orificio facial con tapa acolchada. Asiento drenaje (palanca Trendelemburg). Respaldo m\u00f3vil desde horizontal a 90\u00ba. Tapizada en cuerina pl\u00e1stica de primera calidad Modelo Master. Funda cristal transparente para protecci\u00f3n de la cuerina pl\u00e1stica.<\/p>\n","protected":false},"author":1,"featured_media":425,"comment_status":"open","ping_status":"open","sticky":false,"template":"","format":"standard","meta":{"_joinchat":[],"footnotes":""},"categories":[11,27],"tags":[193,153,99,304,245,125,194,292,208,300,301,302,246,207,299,152],"class_list":["post-465","post","type-post","status-publish","format-standard","has-post-thumbnail","hentry","category-camillas-articuladas-linea-anatomica","category-base-electrica","tag-camilla-acolchada","tag-camilla-articulable","tag-camilla-articulada","tag-camilla-marciano","tag-camilla-marziano","tag-camilla-regulable","tag-camilla-tapizada","tag-camillas-argentina","tag-camillas-buenos-aires","tag-camillas-capital-federal","tag-camillas-fabricantes","tag-camillas-premium","tag-casa-marziano","tag-fabrica-camillas","tag-fabrica-camillas-argentina","tag-trendelemburg"],"_links":{"self":[{"href":"https:\/\/www.casamarziano.com.ar\/inicio\/wp-json\/wp\/v2\/posts\/465","targetHints":{"allow":["GET"]}}],"collection":[{"href":"https:\/\/www.casamarziano.com.ar\/inicio\/wp-json\/wp\/v2\/posts"}],"about":[{"href":"https:\/\/www.casamarziano.com.ar\/inicio\/wp-json\/wp\/v2\/types\/post"}],"author":[{"embeddable":true,"href":"https:\/\/www.casamarziano.com.ar\/inicio\/wp-json\/wp\/v2\/users\/1"}],"replies":[{"embeddable":true,"href":"https:\/\/www.casamarziano.com.ar\/inicio\/wp-json\/wp\/v2\/comments?post=465"}],"version-history":[{"count":4,"href":"https:\/\/www.casamarziano.com.ar\/inicio\/wp-json\/wp\/v2\/posts\/465\/revisions"}],"predecessor-version":[{"id":960,"href":"https:\/\/www.casamarziano.com.ar\/inicio\/wp-json\/wp\/v2\/posts\/465\/revisions\/960"}],"wp:featuredmedia":[{"embeddable":true,"href":"https:\/\/www.casamarziano.com.ar\/inicio\/wp-json\/wp\/v2\/media\/425"}],"wp:attachment":[{"href":"https:\/\/www.casamarziano.com.ar\/inicio\/wp-json\/wp\/v2\/media?parent=465"}],"wp:term":[{"taxonomy":"category","embeddable":true,"href":"https:\/\/www.casamarziano.com.ar\/inicio\/wp-json\/wp\/v2\/categories?post=465"},{"taxonomy":"post_tag","embeddable":true,"href":"https:\/\/www.casamarziano.com.ar\/inicio\/wp-json\/wp\/v2\/tags?post=465"}],"curies":[{"name":"wp","href":"https:\/\/api.w.org\/{rel}","templated":true}]}}