{"id":388,"date":"2012-12-17T14:00:57","date_gmt":"2012-12-17T14:00:57","guid":{"rendered":"http:\/\/www.casamarziano.com.ar\/inicio\/?p=388"},"modified":"2015-11-04T18:36:59","modified_gmt":"2015-11-04T18:36:59","slug":"camilla-ecoline-articulada-drenaplus-con-orificio-facial","status":"publish","type":"post","link":"https:\/\/www.casamarziano.com.ar\/inicio\/camilla-ecoline-articulada-drenaplus-con-orificio-facial\/","title":{"rendered":"Camilla Ecoline articulada drenaplus con orificio facial (masaje &#8211; drenaje linf\u00e1tico)"},"content":{"rendered":"<ul>\n<li>Tama\u00f1o 0,64&#215;1,85 m.<\/li>\n<li>Tapa acolchada 10 cm.<\/li>\n<li>Orificio facial con tapa acolchada.<\/li>\n<li>Estante con puntas redondas.<\/li>\n<li>Asiento para drenaje.<\/li>\n<li>Tapizada en cuerina pl\u00e1stica de primera calidad.<\/li>\n<li>Funda cristal transparente para protecci\u00f3n de la cuerina pl\u00e1stica.<\/li>\n<\/ul>\n","protected":false},"excerpt":{"rendered":"<p>Tama\u00f1o 0,64&#215;1,85 m. Tapa acolchada 10 cm. Orificio facial con tapa acolchada. Estante con puntas redondas. Asiento para drenaje. Tapizada en cuerina pl\u00e1stica de primera calidad. Funda cristal transparente para protecci\u00f3n de la cuerina pl\u00e1stica.<\/p>\n","protected":false},"author":1,"featured_media":181,"comment_status":"open","ping_status":"open","sticky":false,"template":"","format":"standard","meta":{"_joinchat":[],"footnotes":""},"categories":[10],"tags":[153,99,171,102,304,245,170,125,292,208,300,301,302,246,207,299,152],"class_list":["post-388","post","type-post","status-publish","format-standard","has-post-thumbnail","hentry","category-camillas-articuladas-linea-eco","tag-camilla-articulable","tag-camilla-articulada","tag-camilla-drenje-linfatico","tag-camilla-economica","tag-camilla-marciano","tag-camilla-marziano","tag-camilla-para-masajes","tag-camilla-regulable","tag-camillas-argentina","tag-camillas-buenos-aires","tag-camillas-capital-federal","tag-camillas-fabricantes","tag-camillas-premium","tag-casa-marziano","tag-fabrica-camillas","tag-fabrica-camillas-argentina","tag-trendelemburg"],"_links":{"self":[{"href":"https:\/\/www.casamarziano.com.ar\/inicio\/wp-json\/wp\/v2\/posts\/388","targetHints":{"allow":["GET"]}}],"collection":[{"href":"https:\/\/www.casamarziano.com.ar\/inicio\/wp-json\/wp\/v2\/posts"}],"about":[{"href":"https:\/\/www.casamarziano.com.ar\/inicio\/wp-json\/wp\/v2\/types\/post"}],"author":[{"embeddable":true,"href":"https:\/\/www.casamarziano.com.ar\/inicio\/wp-json\/wp\/v2\/users\/1"}],"replies":[{"embeddable":true,"href":"https:\/\/www.casamarziano.com.ar\/inicio\/wp-json\/wp\/v2\/comments?post=388"}],"version-history":[{"count":6,"href":"https:\/\/www.casamarziano.com.ar\/inicio\/wp-json\/wp\/v2\/posts\/388\/revisions"}],"predecessor-version":[{"id":946,"href":"https:\/\/www.casamarziano.com.ar\/inicio\/wp-json\/wp\/v2\/posts\/388\/revisions\/946"}],"wp:featuredmedia":[{"embeddable":true,"href":"https:\/\/www.casamarziano.com.ar\/inicio\/wp-json\/wp\/v2\/media\/181"}],"wp:attachment":[{"href":"https:\/\/www.casamarziano.com.ar\/inicio\/wp-json\/wp\/v2\/media?parent=388"}],"wp:term":[{"taxonomy":"category","embeddable":true,"href":"https:\/\/www.casamarziano.com.ar\/inicio\/wp-json\/wp\/v2\/categories?post=388"},{"taxonomy":"post_tag","embeddable":true,"href":"https:\/\/www.casamarziano.com.ar\/inicio\/wp-json\/wp\/v2\/tags?post=388"}],"curies":[{"name":"wp","href":"https:\/\/api.w.org\/{rel}","templated":true}]}}